{"id":1063,"date":"2017-11-28T23:29:33","date_gmt":"2017-11-28T22:29:33","guid":{"rendered":"http:\/\/www.pmc-riesa.de\/pmcblog\/?p=1063"},"modified":"2017-11-28T23:29:33","modified_gmt":"2017-11-28T22:29:33","slug":"testshot-revell-porsche-panamera-turbo-124","status":"publish","type":"post","link":"https:\/\/www.pmc-riesa.de\/pmcblog\/testshot-revell-porsche-panamera-turbo-124\/","title":{"rendered":"Testshot Revell Porsche Panamera Turbo 1:24"},"content":{"rendered":"<p>Darf es ein schneller Kombi sein? Wie w\u00e4re es dann mit dem Porsche Panamera Turbo? Ich habe hier von Revell einen Testshot zu diesem Modell im Ma\u00dfstab 1\/24 auf den Tisch bekommen und konnte mir die Teile ein wenig zu Gem\u00fcte f\u00fchren.<\/p>\n<p>&nbsp;<\/p>\n<p>Einen Karton gibt es noch nicht und auch die Bauanleitung findet sich nur als schwarz-wei\u00df Kopie wieder, aber sie wird sicher wieder wie mittlerweile \u00fcblich in Farbe erscheinen. Wie gewohnt ist sie auf alle F\u00e4lle \u00fcbersichtlich und das ist das was z\u00e4hlt !<\/p>\n<p><a href=\"http:\/\/www.pmc-riesa.de\/pmcblog\/wp-content\/uploads\/2017\/11\/IMG-20171126-WA0001.jpg\" target=\"_blank\" rel=\"noopener\"><img loading=\"lazy\" class=\"alignnone wp-image-1065\" src=\"http:\/\/www.pmc-riesa.de\/pmcblog\/wp-content\/uploads\/2017\/11\/IMG-20171126-WA0001-300x225.jpg\" alt=\"\" width=\"420\" height=\"315\" srcset=\"https:\/\/www.pmc-riesa.de\/pmcblog\/wp-content\/uploads\/2017\/11\/IMG-20171126-WA0001-300x225.jpg 300w, https:\/\/www.pmc-riesa.de\/pmcblog\/wp-content\/uploads\/2017\/11\/IMG-20171126-WA0001-768x576.jpg 768w, https:\/\/www.pmc-riesa.de\/pmcblog\/wp-content\/uploads\/2017\/11\/IMG-20171126-WA0001-1024x768.jpg 1024w, https:\/\/www.pmc-riesa.de\/pmcblog\/wp-content\/uploads\/2017\/11\/IMG-20171126-WA0001.jpg 1280w\" sizes=\"(max-width: 420px) 100vw, 420px\" \/><\/a> <a href=\"http:\/\/www.pmc-riesa.de\/pmcblog\/wp-content\/uploads\/2017\/11\/IMG-20171126-WA0000.jpg\" target=\"_blank\" rel=\"noopener\"><img loading=\"lazy\" class=\"alignnone wp-image-1064\" src=\"http:\/\/www.pmc-riesa.de\/pmcblog\/wp-content\/uploads\/2017\/11\/IMG-20171126-WA0000-300x225.jpg\" alt=\"\" width=\"420\" height=\"315\" srcset=\"https:\/\/www.pmc-riesa.de\/pmcblog\/wp-content\/uploads\/2017\/11\/IMG-20171126-WA0000-300x225.jpg 300w, https:\/\/www.pmc-riesa.de\/pmcblog\/wp-content\/uploads\/2017\/11\/IMG-20171126-WA0000-768x576.jpg 768w, https:\/\/www.pmc-riesa.de\/pmcblog\/wp-content\/uploads\/2017\/11\/IMG-20171126-WA0000-1024x768.jpg 1024w, https:\/\/www.pmc-riesa.de\/pmcblog\/wp-content\/uploads\/2017\/11\/IMG-20171126-WA0000.jpg 1280w\" sizes=\"(max-width: 420px) 100vw, 420px\" \/><\/a><\/p>\n<p>&nbsp;<\/p>\n<p>Der Decalsatz kommt in \u00fcberzeugend guter Qualit\u00e4t daher und enth\u00e4lt wie immer mehrere Kenzeichenvarianten. Au\u00dferdem gibt es Decals f\u00fcr Armaturen und \u00e4hnliche Details im Innenraum, die das Modell sicherlich aufwerten werden.<\/p>\n<p>&nbsp;<\/p>\n<p><img loading=\"lazy\" class=\"alignnone wp-image-1066 size-large\" src=\"http:\/\/www.pmc-riesa.de\/pmcblog\/wp-content\/uploads\/2017\/11\/IMG-20171126-WA0002-1024x768.jpg\" alt=\"\" width=\"1024\" height=\"768\" srcset=\"https:\/\/www.pmc-riesa.de\/pmcblog\/wp-content\/uploads\/2017\/11\/IMG-20171126-WA0002-1024x768.jpg 1024w, https:\/\/www.pmc-riesa.de\/pmcblog\/wp-content\/uploads\/2017\/11\/IMG-20171126-WA0002-300x225.jpg 300w, https:\/\/www.pmc-riesa.de\/pmcblog\/wp-content\/uploads\/2017\/11\/IMG-20171126-WA0002-768x576.jpg 768w, https:\/\/www.pmc-riesa.de\/pmcblog\/wp-content\/uploads\/2017\/11\/IMG-20171126-WA0002.jpg 1280w\" sizes=\"(max-width: 1024px) 100vw, 1024px\" \/><\/p>\n<p>&nbsp;<\/p>\n<p>Kommen wir aber vom schm\u00fcckenden Beiwerk zum Wichtigsten, den Teilen an sich. Was in der gro\u00dfen Masse der \u00fcblicherweise bei Testshots komplett in grau gehaltenen Bauteile auff\u00e4llt, ist nat\u00fcrlich die einteilige Karosserie. F\u00fcr den Ma\u00dfstab 1\/24 ist das schon ein ganz sch\u00f6ner Klopper. Sauber gegossen, ohne gro\u00dfartige Grate passt es schon, einzig die Gravuren k\u00f6nnten etwas tiefer ausfallen und ein paar kleinere Formtrennn\u00e4hte sind zu verschleifen.<\/p>\n<p>&nbsp;<\/p>\n<p><img loading=\"lazy\" class=\"alignnone wp-image-1069 size-large\" src=\"http:\/\/www.pmc-riesa.de\/pmcblog\/wp-content\/uploads\/2017\/11\/IMG-20171126-WA0005-1024x768.jpg\" alt=\"\" width=\"1024\" height=\"768\" srcset=\"https:\/\/www.pmc-riesa.de\/pmcblog\/wp-content\/uploads\/2017\/11\/IMG-20171126-WA0005-1024x768.jpg 1024w, https:\/\/www.pmc-riesa.de\/pmcblog\/wp-content\/uploads\/2017\/11\/IMG-20171126-WA0005-300x225.jpg 300w, https:\/\/www.pmc-riesa.de\/pmcblog\/wp-content\/uploads\/2017\/11\/IMG-20171126-WA0005-768x576.jpg 768w, https:\/\/www.pmc-riesa.de\/pmcblog\/wp-content\/uploads\/2017\/11\/IMG-20171126-WA0005.jpg 1280w\" sizes=\"(max-width: 1024px) 100vw, 1024px\" \/><\/p>\n<p>&nbsp;<\/p>\n<p>Neben der Karosse befinden sich noch 6 weitere Spritzlinge in der T\u00fcte, wobei einer die Klarsichtteile enth\u00e4lt. Ein weiterer Gie\u00dfast wird sicherlich dazukommen, denn die hier noch grauen Felgen, Auspuffteile und Scheinwerfer wird man in der Serienproduktion sicherlich als Chromteil im Bausatz vorfinden. Mich pers\u00f6nlich w\u00fcrde es allerdings auch nicht st\u00f6ren, wenn sie nicht verchromt werden, da es meist eh zu spielzeughaft wirkt.<\/p>\n<p>&nbsp;<\/p>\n<p><a href=\"http:\/\/www.pmc-riesa.de\/pmcblog\/wp-content\/uploads\/2017\/11\/IMG-20171126-WA0021.jpg\" target=\"_blank\" rel=\"noopener\"><img loading=\"lazy\" class=\"alignnone wp-image-1085\" src=\"http:\/\/www.pmc-riesa.de\/pmcblog\/wp-content\/uploads\/2017\/11\/IMG-20171126-WA0021-300x225.jpg\" alt=\"\" width=\"420\" height=\"315\" srcset=\"https:\/\/www.pmc-riesa.de\/pmcblog\/wp-content\/uploads\/2017\/11\/IMG-20171126-WA0021-300x225.jpg 300w, https:\/\/www.pmc-riesa.de\/pmcblog\/wp-content\/uploads\/2017\/11\/IMG-20171126-WA0021-768x576.jpg 768w, https:\/\/www.pmc-riesa.de\/pmcblog\/wp-content\/uploads\/2017\/11\/IMG-20171126-WA0021-1024x768.jpg 1024w, https:\/\/www.pmc-riesa.de\/pmcblog\/wp-content\/uploads\/2017\/11\/IMG-20171126-WA0021.jpg 1280w\" sizes=\"(max-width: 420px) 100vw, 420px\" \/><\/a> <a href=\"http:\/\/www.pmc-riesa.de\/pmcblog\/wp-content\/uploads\/2017\/11\/IMG-20171126-WA0012.jpg\" target=\"_blank\" rel=\"noopener\"><img loading=\"lazy\" class=\"alignnone wp-image-1076\" src=\"http:\/\/www.pmc-riesa.de\/pmcblog\/wp-content\/uploads\/2017\/11\/IMG-20171126-WA0012-300x225.jpg\" alt=\"\" width=\"420\" height=\"315\" srcset=\"https:\/\/www.pmc-riesa.de\/pmcblog\/wp-content\/uploads\/2017\/11\/IMG-20171126-WA0012-300x225.jpg 300w, https:\/\/www.pmc-riesa.de\/pmcblog\/wp-content\/uploads\/2017\/11\/IMG-20171126-WA0012-768x576.jpg 768w, https:\/\/www.pmc-riesa.de\/pmcblog\/wp-content\/uploads\/2017\/11\/IMG-20171126-WA0012-1024x768.jpg 1024w, https:\/\/www.pmc-riesa.de\/pmcblog\/wp-content\/uploads\/2017\/11\/IMG-20171126-WA0012.jpg 1280w\" sizes=\"(max-width: 420px) 100vw, 420px\" \/><\/a><\/p>\n<p>&nbsp;<\/p>\n<p>Wenn man etwas n\u00e4her auf die Teile schaut, f\u00e4llt auf, es gibt einen Motor aus mehreren Teilen. Dieser f\u00e4llt aber weniger filigran aus, was aber auch nicht st\u00f6rt, denn am fertigen Modell sieht man wie am Original nicht mehr wirklich viel davon, denn auf allem thront die gro\u00dfe Abdeckung. Anschauen kann man sich diese aber trotzdem, denn die Motorhaube liegt extra bei und kann im ge\u00f6ffneten wie geschlossenen Zustand dargestellt werden. F\u00fcr die offene Haube liegen dem Bausatz originalgetreue Haubenlifte bei, das wertet klar auf.<\/p>\n<p>&nbsp;<\/p>\n<p><a href=\"http:\/\/www.pmc-riesa.de\/pmcblog\/wp-content\/uploads\/2017\/11\/IMG-20171126-WA0007.jpg\" target=\"_blank\" rel=\"noopener\"><img loading=\"lazy\" class=\"alignnone wp-image-1071\" src=\"http:\/\/www.pmc-riesa.de\/pmcblog\/wp-content\/uploads\/2017\/11\/IMG-20171126-WA0007-300x225.jpg\" alt=\"\" width=\"420\" height=\"315\" srcset=\"https:\/\/www.pmc-riesa.de\/pmcblog\/wp-content\/uploads\/2017\/11\/IMG-20171126-WA0007-300x225.jpg 300w, https:\/\/www.pmc-riesa.de\/pmcblog\/wp-content\/uploads\/2017\/11\/IMG-20171126-WA0007-768x576.jpg 768w, https:\/\/www.pmc-riesa.de\/pmcblog\/wp-content\/uploads\/2017\/11\/IMG-20171126-WA0007-1024x768.jpg 1024w, https:\/\/www.pmc-riesa.de\/pmcblog\/wp-content\/uploads\/2017\/11\/IMG-20171126-WA0007.jpg 1280w\" sizes=\"(max-width: 420px) 100vw, 420px\" \/><\/a> <a href=\"http:\/\/www.pmc-riesa.de\/pmcblog\/wp-content\/uploads\/2017\/11\/IMG-20171126-WA0006.jpg\" target=\"_blank\" rel=\"noopener\"><img loading=\"lazy\" class=\"alignnone wp-image-1070\" src=\"http:\/\/www.pmc-riesa.de\/pmcblog\/wp-content\/uploads\/2017\/11\/IMG-20171126-WA0006-300x225.jpg\" alt=\"\" width=\"420\" height=\"315\" srcset=\"https:\/\/www.pmc-riesa.de\/pmcblog\/wp-content\/uploads\/2017\/11\/IMG-20171126-WA0006-300x225.jpg 300w, https:\/\/www.pmc-riesa.de\/pmcblog\/wp-content\/uploads\/2017\/11\/IMG-20171126-WA0006-768x576.jpg 768w, https:\/\/www.pmc-riesa.de\/pmcblog\/wp-content\/uploads\/2017\/11\/IMG-20171126-WA0006-1024x768.jpg 1024w, https:\/\/www.pmc-riesa.de\/pmcblog\/wp-content\/uploads\/2017\/11\/IMG-20171126-WA0006.jpg 1280w\" sizes=\"(max-width: 420px) 100vw, 420px\" \/><\/a><\/p>\n<p><a href=\"http:\/\/www.pmc-riesa.de\/pmcblog\/wp-content\/uploads\/2017\/11\/IMG-20171126-WA0009.jpg\" target=\"_blank\" rel=\"noopener\"><img loading=\"lazy\" class=\"alignnone wp-image-1073\" src=\"http:\/\/www.pmc-riesa.de\/pmcblog\/wp-content\/uploads\/2017\/11\/IMG-20171126-WA0009-300x225.jpg\" alt=\"\" width=\"420\" height=\"315\" srcset=\"https:\/\/www.pmc-riesa.de\/pmcblog\/wp-content\/uploads\/2017\/11\/IMG-20171126-WA0009-300x225.jpg 300w, https:\/\/www.pmc-riesa.de\/pmcblog\/wp-content\/uploads\/2017\/11\/IMG-20171126-WA0009-768x576.jpg 768w, https:\/\/www.pmc-riesa.de\/pmcblog\/wp-content\/uploads\/2017\/11\/IMG-20171126-WA0009-1024x768.jpg 1024w, https:\/\/www.pmc-riesa.de\/pmcblog\/wp-content\/uploads\/2017\/11\/IMG-20171126-WA0009.jpg 1280w\" sizes=\"(max-width: 420px) 100vw, 420px\" \/>\u00a0<\/a><a href=\"http:\/\/www.pmc-riesa.de\/pmcblog\/wp-content\/uploads\/2017\/11\/IMG-20171126-WA0008.jpg\" target=\"_blank\" rel=\"noopener\"><img loading=\"lazy\" class=\"alignnone wp-image-1072\" src=\"http:\/\/www.pmc-riesa.de\/pmcblog\/wp-content\/uploads\/2017\/11\/IMG-20171126-WA0008-300x225.jpg\" alt=\"\" width=\"420\" height=\"315\" srcset=\"https:\/\/www.pmc-riesa.de\/pmcblog\/wp-content\/uploads\/2017\/11\/IMG-20171126-WA0008-300x225.jpg 300w, https:\/\/www.pmc-riesa.de\/pmcblog\/wp-content\/uploads\/2017\/11\/IMG-20171126-WA0008-768x576.jpg 768w, https:\/\/www.pmc-riesa.de\/pmcblog\/wp-content\/uploads\/2017\/11\/IMG-20171126-WA0008-1024x768.jpg 1024w, https:\/\/www.pmc-riesa.de\/pmcblog\/wp-content\/uploads\/2017\/11\/IMG-20171126-WA0008.jpg 1280w\" sizes=\"(max-width: 420px) 100vw, 420px\" \/><\/a><\/p>\n<p>&nbsp;<\/p>\n<p>F\u00fcr den Innenraum findet der Modellbauer gut detaillierte Teile vor und hat noch die Option den Panamera als Links- oder Rechtslenker zu bauen. Mit den bereits erw\u00e4hnten Decals wird der Porsche im Cockpit zu einer runden Sache. Die angegossenen hinteren Sitze sind f\u00fcr mich ein kleiner Negativpunkt der mit etwas Mehrarbeit zu verschmerzen ist.<\/p>\n<p>&nbsp;<\/p>\n<p><a href=\"http:\/\/www.pmc-riesa.de\/pmcblog\/wp-content\/uploads\/2017\/11\/IMG-20171126-WA0013.jpg\" target=\"_blank\" rel=\"noopener\"><img loading=\"lazy\" class=\"alignnone wp-image-1077\" src=\"http:\/\/www.pmc-riesa.de\/pmcblog\/wp-content\/uploads\/2017\/11\/IMG-20171126-WA0013-300x225.jpg\" alt=\"\" width=\"240\" height=\"180\" srcset=\"https:\/\/www.pmc-riesa.de\/pmcblog\/wp-content\/uploads\/2017\/11\/IMG-20171126-WA0013-300x225.jpg 300w, https:\/\/www.pmc-riesa.de\/pmcblog\/wp-content\/uploads\/2017\/11\/IMG-20171126-WA0013-768x576.jpg 768w, https:\/\/www.pmc-riesa.de\/pmcblog\/wp-content\/uploads\/2017\/11\/IMG-20171126-WA0013-1024x768.jpg 1024w, https:\/\/www.pmc-riesa.de\/pmcblog\/wp-content\/uploads\/2017\/11\/IMG-20171126-WA0013.jpg 1280w\" sizes=\"(max-width: 240px) 100vw, 240px\" \/>\u00a0<\/a><a href=\"http:\/\/www.pmc-riesa.de\/pmcblog\/wp-content\/uploads\/2017\/11\/IMG-20171126-WA0014.jpg\" target=\"_blank\" rel=\"noopener\"><img loading=\"lazy\" class=\"alignnone wp-image-1078\" src=\"http:\/\/www.pmc-riesa.de\/pmcblog\/wp-content\/uploads\/2017\/11\/IMG-20171126-WA0014-300x225.jpg\" alt=\"\" width=\"240\" height=\"180\" srcset=\"https:\/\/www.pmc-riesa.de\/pmcblog\/wp-content\/uploads\/2017\/11\/IMG-20171126-WA0014-300x225.jpg 300w, https:\/\/www.pmc-riesa.de\/pmcblog\/wp-content\/uploads\/2017\/11\/IMG-20171126-WA0014-768x576.jpg 768w, https:\/\/www.pmc-riesa.de\/pmcblog\/wp-content\/uploads\/2017\/11\/IMG-20171126-WA0014-1024x768.jpg 1024w, https:\/\/www.pmc-riesa.de\/pmcblog\/wp-content\/uploads\/2017\/11\/IMG-20171126-WA0014.jpg 1280w\" sizes=\"(max-width: 240px) 100vw, 240px\" \/><\/a> <a href=\"http:\/\/www.pmc-riesa.de\/pmcblog\/wp-content\/uploads\/2017\/11\/IMG-20171126-WA0004-e1511907251235.jpg\" target=\"_blank\" rel=\"noopener\"><img loading=\"lazy\" class=\"alignnone wp-image-1068\" src=\"http:\/\/www.pmc-riesa.de\/pmcblog\/wp-content\/uploads\/2017\/11\/IMG-20171126-WA0004-e1511907251235-300x225.jpg\" alt=\"\" width=\"240\" height=\"180\" srcset=\"https:\/\/www.pmc-riesa.de\/pmcblog\/wp-content\/uploads\/2017\/11\/IMG-20171126-WA0004-e1511907251235-300x225.jpg 300w, https:\/\/www.pmc-riesa.de\/pmcblog\/wp-content\/uploads\/2017\/11\/IMG-20171126-WA0004-e1511907251235-768x576.jpg 768w, https:\/\/www.pmc-riesa.de\/pmcblog\/wp-content\/uploads\/2017\/11\/IMG-20171126-WA0004-e1511907251235-1024x768.jpg 1024w, https:\/\/www.pmc-riesa.de\/pmcblog\/wp-content\/uploads\/2017\/11\/IMG-20171126-WA0004-e1511907251235.jpg 1280w\" sizes=\"(max-width: 240px) 100vw, 240px\" \/><\/a><\/p>\n<p>&nbsp;<\/p>\n<p>Schwachpunkt des kompletten Pakets ist f\u00fcr mich der Unterboden. Dieser erscheint mir doch sehr vereinfacht dargestellt. Zum Gl\u00fcck ist es die Unterseite des Modells. Die Bremsscheiben kommen da nicht besser weg. Sie sind da, aber f\u00fcr mich recht lieblos gestaltet.<\/p>\n<p>&nbsp;<\/p>\n<p><a href=\"http:\/\/www.pmc-riesa.de\/pmcblog\/wp-content\/uploads\/2017\/11\/IMG-20171126-WA0017.jpg\" target=\"_blank\" rel=\"noopener\"><img loading=\"lazy\" class=\"alignnone wp-image-1081\" src=\"http:\/\/www.pmc-riesa.de\/pmcblog\/wp-content\/uploads\/2017\/11\/IMG-20171126-WA0017-300x225.jpg\" alt=\"\" width=\"420\" height=\"315\" srcset=\"https:\/\/www.pmc-riesa.de\/pmcblog\/wp-content\/uploads\/2017\/11\/IMG-20171126-WA0017-300x225.jpg 300w, https:\/\/www.pmc-riesa.de\/pmcblog\/wp-content\/uploads\/2017\/11\/IMG-20171126-WA0017-768x576.jpg 768w, https:\/\/www.pmc-riesa.de\/pmcblog\/wp-content\/uploads\/2017\/11\/IMG-20171126-WA0017-1024x768.jpg 1024w, https:\/\/www.pmc-riesa.de\/pmcblog\/wp-content\/uploads\/2017\/11\/IMG-20171126-WA0017.jpg 1280w\" sizes=\"(max-width: 420px) 100vw, 420px\" \/><\/a> <a href=\"http:\/\/www.pmc-riesa.de\/pmcblog\/wp-content\/uploads\/2017\/11\/IMG-20171126-WA0018.jpg\" target=\"_blank\" rel=\"noopener\"><img loading=\"lazy\" class=\"alignnone wp-image-1082\" src=\"http:\/\/www.pmc-riesa.de\/pmcblog\/wp-content\/uploads\/2017\/11\/IMG-20171126-WA0018-300x225.jpg\" alt=\"\" width=\"420\" height=\"315\" srcset=\"https:\/\/www.pmc-riesa.de\/pmcblog\/wp-content\/uploads\/2017\/11\/IMG-20171126-WA0018-300x225.jpg 300w, https:\/\/www.pmc-riesa.de\/pmcblog\/wp-content\/uploads\/2017\/11\/IMG-20171126-WA0018-768x576.jpg 768w, https:\/\/www.pmc-riesa.de\/pmcblog\/wp-content\/uploads\/2017\/11\/IMG-20171126-WA0018-1024x768.jpg 1024w, https:\/\/www.pmc-riesa.de\/pmcblog\/wp-content\/uploads\/2017\/11\/IMG-20171126-WA0018.jpg 1280w\" sizes=\"(max-width: 420px) 100vw, 420px\" \/><\/a><\/p>\n<p>&nbsp;<\/p>\n<p>Besonderes Streitthema bei Autobaus\u00e4tzen von Revell sind ja immer wieder die Reifen und Felgen. Ich finde die Rad\/Reifen-Kombination diesmal gelungen. Die Felgen sind recht stimmig und auch die Reifen sehen nicht so ballonm\u00e4\u00dfig aus wie in anderen Kits. Die Flanken sind zwar nicht beschriftet, aber die H\u00f6he d\u00fcrfte zum gro\u00dfen Kombi passen. Allerdings sollten nicht wie bei dem mir vorliegenden Testshot 3 Vorder- und ein Hinterreifen enthalten sein.<\/p>\n<p>&nbsp;<\/p>\n<p><a href=\"http:\/\/www.pmc-riesa.de\/pmcblog\/wp-content\/uploads\/2017\/11\/IMG-20171126-WA0003.jpg\" target=\"_blank\" rel=\"noopener\"><img loading=\"lazy\" class=\"alignnone wp-image-1067\" src=\"http:\/\/www.pmc-riesa.de\/pmcblog\/wp-content\/uploads\/2017\/11\/IMG-20171126-WA0003-300x225.jpg\" alt=\"\" width=\"420\" height=\"315\" srcset=\"https:\/\/www.pmc-riesa.de\/pmcblog\/wp-content\/uploads\/2017\/11\/IMG-20171126-WA0003-300x225.jpg 300w, https:\/\/www.pmc-riesa.de\/pmcblog\/wp-content\/uploads\/2017\/11\/IMG-20171126-WA0003-768x576.jpg 768w, https:\/\/www.pmc-riesa.de\/pmcblog\/wp-content\/uploads\/2017\/11\/IMG-20171126-WA0003-1024x768.jpg 1024w, https:\/\/www.pmc-riesa.de\/pmcblog\/wp-content\/uploads\/2017\/11\/IMG-20171126-WA0003.jpg 1280w\" sizes=\"(max-width: 420px) 100vw, 420px\" \/><\/a> <a href=\"http:\/\/www.pmc-riesa.de\/pmcblog\/wp-content\/uploads\/2017\/11\/IMG-20171126-WA0019.jpg\" target=\"_blank\" rel=\"noopener\"><img loading=\"lazy\" class=\"alignnone wp-image-1083\" src=\"http:\/\/www.pmc-riesa.de\/pmcblog\/wp-content\/uploads\/2017\/11\/IMG-20171126-WA0019-300x225.jpg\" alt=\"\" width=\"420\" height=\"315\" srcset=\"https:\/\/www.pmc-riesa.de\/pmcblog\/wp-content\/uploads\/2017\/11\/IMG-20171126-WA0019-300x225.jpg 300w, https:\/\/www.pmc-riesa.de\/pmcblog\/wp-content\/uploads\/2017\/11\/IMG-20171126-WA0019-768x576.jpg 768w, https:\/\/www.pmc-riesa.de\/pmcblog\/wp-content\/uploads\/2017\/11\/IMG-20171126-WA0019-1024x768.jpg 1024w, https:\/\/www.pmc-riesa.de\/pmcblog\/wp-content\/uploads\/2017\/11\/IMG-20171126-WA0019.jpg 1280w\" sizes=\"(max-width: 420px) 100vw, 420px\" \/><\/a><\/p>\n<p>&nbsp;<\/p>\n<p>Die Klarsichtteile sind an sich auch wieder sehr sch\u00f6n, allerdings finden sich hier im Testshot Einschl\u00fcsse von grauem Plastik in der Frontscheibe. Solche Dinge sollten in der Serienproduktion ebenfalls nicht vorkommen.<\/p>\n<p>&nbsp;<\/p>\n<p><img loading=\"lazy\" class=\"alignnone wp-image-1084 size-large\" src=\"http:\/\/www.pmc-riesa.de\/pmcblog\/wp-content\/uploads\/2017\/11\/IMG-20171126-WA0020-1024x768.jpg\" alt=\"\" width=\"1024\" height=\"768\" srcset=\"https:\/\/www.pmc-riesa.de\/pmcblog\/wp-content\/uploads\/2017\/11\/IMG-20171126-WA0020-1024x768.jpg 1024w, https:\/\/www.pmc-riesa.de\/pmcblog\/wp-content\/uploads\/2017\/11\/IMG-20171126-WA0020-300x225.jpg 300w, https:\/\/www.pmc-riesa.de\/pmcblog\/wp-content\/uploads\/2017\/11\/IMG-20171126-WA0020-768x576.jpg 768w, https:\/\/www.pmc-riesa.de\/pmcblog\/wp-content\/uploads\/2017\/11\/IMG-20171126-WA0020.jpg 1280w\" sizes=\"(max-width: 1024px) 100vw, 1024px\" \/><\/p>\n<p>&nbsp;<\/p>\n<p>Abschlie\u00dfend kann man wohl sagen, es ist ein Bausatz der mit einigen guten Ideen aufwartet, aber auch so seine Schw\u00e4chen hat, die am fertigen Modell wohl nicht auffallen oder gut kaschiert werden k\u00f6nnen. Von daher w\u00fcrde ich denken, man kann aus dem Bausatz einen sch\u00f6nen Kombi aus Stuttgart Zuffenhausen zaubern<\/p>\n<p>&nbsp;<\/p>\n<p>&nbsp;<\/p>\n<p>Ingo Hempel<\/p>\n<p>&nbsp;<\/p>\n<p>&nbsp;<\/p>\n<p>&nbsp;<\/p>\n<p>&nbsp;<\/p>\n","protected":false},"excerpt":{"rendered":"<p>Darf es ein schneller Kombi sein? Wie w\u00e4re es dann mit dem Porsche Panamera Turbo? Ich habe hier von Revell einen Testshot zu diesem Modell im Ma\u00dfstab 1\/24 auf den Tisch bekommen und konnte mir die Teile ein wenig zu Gem\u00fcte f\u00fchren. &nbsp; Einen Karton gibt es noch nicht und auch die Bauanleitung findet sich nur als schwarz-wei\u00df Kopie wieder, aber sie wird sicher wieder wie mittlerweile \u00fcblich in Farbe erscheinen. Wie gewohnt ist sie auf alle F\u00e4lle \u00fcbersichtlich und das ist das was z\u00e4hlt ! &nbsp; Der Decalsatz kommt in \u00fcberzeugend guter Qualit\u00e4t daher und enth\u00e4lt wie immer mehrere Kenzeichenvarianten. Au\u00dferdem gibt es Decals f\u00fcr Armaturen und \u00e4hnliche Details im Innenraum, die das Modell sicherlich aufwerten werden. &nbsp; &nbsp; Kommen wir aber vom schm\u00fcckenden Beiwerk zum Wichtigsten, den Teilen an sich. Was in der gro\u00dfen Masse der \u00fcblicherweise bei Testshots komplett in grau gehaltenen Bauteile auff\u00e4llt, ist nat\u00fcrlich die einteilige Karosserie. F\u00fcr den Ma\u00dfstab 1\/24 ist das schon ein ganz sch\u00f6ner Klopper. Sauber gegossen, ohne gro\u00dfartige Grate passt es schon, einzig die Gravuren k\u00f6nnten etwas tiefer ausfallen und ein paar kleinere Formtrennn\u00e4hte sind zu verschleifen. &nbsp; &nbsp; Neben der Karosse befinden sich noch 6 weitere Spritzlinge in der T\u00fcte, wobei einer die Klarsichtteile enth\u00e4lt. Ein weiterer Gie\u00dfast wird sicherlich dazukommen, denn die hier noch grauen Felgen, Auspuffteile und Scheinwerfer wird man in der Serienproduktion sicherlich als Chromteil im Bausatz vorfinden. Mich pers\u00f6nlich w\u00fcrde es allerdings auch nicht st\u00f6ren, wenn sie nicht verchromt werden, da es meist eh zu spielzeughaft wirkt. &nbsp; &nbsp; Wenn man etwas n\u00e4her auf die Teile schaut, f\u00e4llt auf, es gibt einen Motor aus mehreren Teilen. Dieser f\u00e4llt aber weniger filigran aus, was aber auch nicht st\u00f6rt, denn am fertigen Modell sieht man wie am Original nicht mehr wirklich viel davon, denn auf allem thront die gro\u00dfe Abdeckung. Anschauen kann man sich diese aber trotzdem, denn die Motorhaube liegt extra bei und kann im ge\u00f6ffneten wie geschlossenen Zustand dargestellt werden. F\u00fcr die offene Haube liegen dem Bausatz originalgetreue Haubenlifte bei, das wertet klar auf. &nbsp; \u00a0 &nbsp; F\u00fcr den Innenraum findet der Modellbauer gut detaillierte Teile vor und hat noch die Option den Panamera als Links- oder Rechtslenker zu bauen. Mit den bereits erw\u00e4hnten Decals wird der Porsche im Cockpit zu einer runden Sache. Die angegossenen hinteren Sitze sind f\u00fcr mich ein kleiner Negativpunkt der mit etwas Mehrarbeit zu verschmerzen ist. &nbsp; \u00a0 &nbsp; Schwachpunkt des kompletten Pakets ist f\u00fcr mich der Unterboden. Dieser erscheint mir doch sehr vereinfacht dargestellt. Zum Gl\u00fcck ist es die Unterseite des Modells. Die Bremsscheiben kommen da nicht besser weg. Sie sind da, aber f\u00fcr mich recht lieblos gestaltet. &nbsp; &nbsp; Besonderes Streitthema bei Autobaus\u00e4tzen von Revell sind ja immer wieder die Reifen und Felgen. Ich finde die Rad\/Reifen-Kombination diesmal gelungen. Die Felgen sind recht stimmig und auch die Reifen sehen nicht so ballonm\u00e4\u00dfig aus wie in anderen Kits. Die Flanken sind zwar nicht beschriftet, aber die H\u00f6he d\u00fcrfte zum gro\u00dfen Kombi passen. Allerdings sollten nicht wie bei dem mir vorliegenden Testshot 3 Vorder- und ein Hinterreifen enthalten sein. &nbsp; &nbsp; Die Klarsichtteile sind an sich auch wieder sehr sch\u00f6n, allerdings finden sich hier im Testshot Einschl\u00fcsse von grauem Plastik in der Frontscheibe. Solche Dinge sollten in der Serienproduktion ebenfalls nicht vorkommen. &nbsp; &nbsp; Abschlie\u00dfend kann man wohl sagen, es ist ein Bausatz der mit einigen guten Ideen aufwartet, aber auch so seine Schw\u00e4chen hat, die am fertigen Modell wohl nicht auffallen oder gut kaschiert werden k\u00f6nnen. Von daher w\u00fcrde ich denken, man kann aus dem Bausatz einen sch\u00f6nen Kombi aus Stuttgart Zuffenhausen zaubern &nbsp; &nbsp; Ingo Hempel &nbsp; &nbsp; &nbsp; &nbsp;<\/p>\n","protected":false},"author":1,"featured_media":1065,"comment_status":"closed","ping_status":"open","sticky":false,"template":"","format":"standard","meta":{"ngg_post_thumbnail":0},"categories":[1],"tags":[93,84,115,95,38],"_links":{"self":[{"href":"https:\/\/www.pmc-riesa.de\/pmcblog\/wp-json\/wp\/v2\/posts\/1063"}],"collection":[{"href":"https:\/\/www.pmc-riesa.de\/pmcblog\/wp-json\/wp\/v2\/posts"}],"about":[{"href":"https:\/\/www.pmc-riesa.de\/pmcblog\/wp-json\/wp\/v2\/types\/post"}],"author":[{"embeddable":true,"href":"https:\/\/www.pmc-riesa.de\/pmcblog\/wp-json\/wp\/v2\/users\/1"}],"replies":[{"embeddable":true,"href":"https:\/\/www.pmc-riesa.de\/pmcblog\/wp-json\/wp\/v2\/comments?post=1063"}],"version-history":[{"count":8,"href":"https:\/\/www.pmc-riesa.de\/pmcblog\/wp-json\/wp\/v2\/posts\/1063\/revisions"}],"predecessor-version":[{"id":1093,"href":"https:\/\/www.pmc-riesa.de\/pmcblog\/wp-json\/wp\/v2\/posts\/1063\/revisions\/1093"}],"wp:featuredmedia":[{"embeddable":true,"href":"https:\/\/www.pmc-riesa.de\/pmcblog\/wp-json\/wp\/v2\/media\/1065"}],"wp:attachment":[{"href":"https:\/\/www.pmc-riesa.de\/pmcblog\/wp-json\/wp\/v2\/media?parent=1063"}],"wp:term":[{"taxonomy":"category","embeddable":true,"href":"https:\/\/www.pmc-riesa.de\/pmcblog\/wp-json\/wp\/v2\/categories?post=1063"},{"taxonomy":"post_tag","embeddable":true,"href":"https:\/\/www.pmc-riesa.de\/pmcblog\/wp-json\/wp\/v2\/tags?post=1063"}],"curies":[{"name":"wp","href":"https:\/\/api.w.org\/{rel}","templated":true}]}}